{"id":1460,"date":"2024-08-29T08:56:24","date_gmt":"2024-08-29T08:56:24","guid":{"rendered":"https:\/\/www.leopolddutrey.com\/?p=1460"},"modified":"2024-08-29T09:14:47","modified_gmt":"2024-08-29T09:14:47","slug":"lart-de-vouloir-bien-faire","status":"publish","type":"post","link":"https:\/\/www.leopolddutrey.com\/fr\/2024\/08\/29\/lart-de-vouloir-bien-faire\/","title":{"rendered":"L\u2019Art de vouloir bien faire"},"content":{"rendered":"<p>Je suis super maniaque. J\u2019aime bien quand les choses sont bien faites. J\u2019aime bien quand les choses sont en ordre. J\u2019aime bien quand les choses sont abouties.<\/p>\n\n\n\n<p class=\"has-black-color has-text-color has-link-color wp-elements-5f26450aade653c784774d6786a4b222\">Hier, j\u2019ai \u00e9crit <a href=\"https:\/\/www.leopolddutrey.com\/fr\/2024\/08\/27\/last-8-months-of-work\/\"><strong>ma premi\u00e8re contribution<\/strong><\/a>, peut-\u00eatre un peu trop personnelle pour la partager, et d\u00e8s que j\u2019ai r\u00e9fl\u00e9chi au fait que je pouvais la traduire, je me suis dit : \u00ab Je vais me mettre \u00e0 tout traduire. \u00bb<\/p>\n\n\n\n<p>C\u2019est plut\u00f4t bon signe. \u00c7a veut dire que je ne me lasse pas du travail que j\u2019entreprends. \u00c7a veut dire que je veux en faire plus. \u00c7a veut dire que je vois d\u00e9j\u00e0 ce que je peux faire de plus. Le seul inconv\u00e9nient, c\u2019est que je n\u2019ai pas tout le temps du monde. Je dois aussi passer une bonne partie de ma journ\u00e9e \u00e0 gagner ma vie.<\/p>\n\n\n\n<p>Hier, j\u2019ai fourni un petit effort. Je me suis r\u00e9veill\u00e9 \u00e0 6h30. En g\u00e9n\u00e9ral, je me r\u00e9veille vers 7h30, par moi-m\u00eame, sans r\u00e9veil. Aujourd\u2019hui, c\u2019est \u00e0 6h00 que j\u2019ai mis mon r\u00e9veil.<\/p>\n\n\n\n<figure class=\"wp-block-image size-large\"><img loading=\"lazy\" decoding=\"async\" width=\"768\" height=\"1024\" src=\"https:\/\/www.leopolddutrey.com\/wp-content\/uploads\/2024\/08\/IMG_8496-2-768x1024.jpg\" alt=\"\" class=\"wp-image-1463\" srcset=\"https:\/\/www.leopolddutrey.com\/wp-content\/uploads\/2024\/08\/IMG_8496-2-768x1024.jpg 768w, https:\/\/www.leopolddutrey.com\/wp-content\/uploads\/2024\/08\/IMG_8496-2-225x300.jpg 225w, https:\/\/www.leopolddutrey.com\/wp-content\/uploads\/2024\/08\/IMG_8496-2-1152x1536.jpg 1152w, https:\/\/www.leopolddutrey.com\/wp-content\/uploads\/2024\/08\/IMG_8496-2-1536x2048.jpg 1536w, https:\/\/www.leopolddutrey.com\/wp-content\/uploads\/2024\/08\/IMG_8496-2-9x12.jpg 9w, https:\/\/www.leopolddutrey.com\/wp-content\/uploads\/2024\/08\/IMG_8496-2-scaled.jpg 1920w\" sizes=\"auto, (max-width: 768px) 100vw, 768px\" \/><figcaption class=\"wp-element-caption\"><em>Chez mes grand-parents \u00e0 St Rapha\u00ebl, ao\u00fbt 2024<\/em><\/figcaption><\/figure>\n\n\n\n<p>Il y a trois jours, alors que j\u2019\u00e9tais \u00e0 la plage des Lucioles, dans une routine que je tente de maintenir, puisqu\u2019elle me fait du bien, j\u2019ai d\u00e9cid\u00e9 de faire comme Am\u00e9lie Nothomb, ou presque.<\/p>\n\n\n\n<p>J\u2019\u00e9tais tomb\u00e9 sur<strong><a href=\"https:\/\/www.youtube.com\/watch?v=PShmkZYydI8\"> <\/a><\/strong>une interview d\u2019elle o\u00f9 elle disait : \u00ab Le Japon a \u00e9norm\u00e9ment \u00e0 nous apprendre (\u2026) m\u00eame avec l\u2019ambition la plus petite, \u00e7a implique une discipline colossale \u00bb. \u00c0 ce moment-l\u00e0, j\u2019\u00e9tais un peu en train de cramer le cerveau \u00e0 faire d\u00e9filer les Reels sur Instagram, donc \u00e7a me parlait \u00e9videmment beaucoup.<\/p>\n\n\n\n<p>On a tendance \u00e0 me voir comme une personne tr\u00e8s disciplin\u00e9e. Je ne suis pas contre, mais je ne crois pas que ce soit plus simple pour moi de faire preuve de discipline. Surtout, je vais briser le mythe, je ne fais pas toujours preuve de discipline. D\u2019ailleurs, je pense que le mot le plus juste pour me d\u00e9crire, c\u2019est que je suis assez extr\u00eame, et pas toujours pour le mieux. Parfois, je me mets \u00e0 fond. Je mets en place des routines. J\u2019atteins mes objectifs. Le seul inconv\u00e9nient, c\u2019est que cela implique du travail, et le travail, c\u2019est fatigant. Souvent, par ce m\u00e9canisme, je tombe de l\u2019autre c\u00f4t\u00e9 de l\u2019\u00e9chiquier, j\u2019abandonne. Je d\u00e9prime un peu, ou beaucoup. Je fais une pause exag\u00e9r\u00e9e, ou pas. Je me sabote.<\/p>\n\n\n\n<figure class=\"wp-block-image size-large\"><img loading=\"lazy\" decoding=\"async\" width=\"683\" height=\"1024\" src=\"https:\/\/www.leopolddutrey.com\/wp-content\/uploads\/2024\/08\/IMG_7430-683x1024.jpg\" alt=\"\" class=\"wp-image-1464\" srcset=\"https:\/\/www.leopolddutrey.com\/wp-content\/uploads\/2024\/08\/IMG_7430-683x1024.jpg 683w, https:\/\/www.leopolddutrey.com\/wp-content\/uploads\/2024\/08\/IMG_7430-200x300.jpg 200w, https:\/\/www.leopolddutrey.com\/wp-content\/uploads\/2024\/08\/IMG_7430-768x1152.jpg 768w, https:\/\/www.leopolddutrey.com\/wp-content\/uploads\/2024\/08\/IMG_7430-1024x1536.jpg 1024w, https:\/\/www.leopolddutrey.com\/wp-content\/uploads\/2024\/08\/IMG_7430-1365x2048.jpg 1365w, https:\/\/www.leopolddutrey.com\/wp-content\/uploads\/2024\/08\/IMG_7430-8x12.jpg 8w, https:\/\/www.leopolddutrey.com\/wp-content\/uploads\/2024\/08\/IMG_7430-scaled.jpg 1707w\" sizes=\"auto, (max-width: 683px) 100vw, 683px\" \/><figcaption class=\"wp-element-caption\"><em>Photographe : <strong><a href=\"https:\/\/www.instagram.com\/monsieurkay\/\">Monsieur Kay<\/a>, <\/strong>ao\u00fbt 2024<\/em><\/figcaption><\/figure>\n\n\n\n<p class=\"has-black-color has-text-color has-link-color wp-elements-43bbc1e9fb1fdb845ac9f3259158de19\">J\u2019ai fini par regarder la totalit\u00e9 de<strong> <a href=\"https:\/\/www.youtube.com\/watch?v=PShmkZYydI8\">l\u2019interview publi\u00e9e par Brut<\/a>.<\/strong> Sur YouTube. J\u2019ai m\u00eame invit\u00e9 Grandou (ma grand-m\u00e8re) \u00e0 regarder \u00e7a avec moi. Quel personnage ! Je ne sais pas ce qui m\u2019a le plus inspir\u00e9. Il y a sa mani\u00e8re d\u2019\u00eatre. Sa pr\u00e9sence. Elle est tr\u00e8s humble. Elle tremble presque, comme au bord des larmes, ou en tout cas touch\u00e9e, \u00e0 chaque r\u00e9ponse. Il y a tout ce qu\u2019elle dit. Son r\u00e9veil \u00e0 4h00 du matin pour \u00e9crire jusqu\u2019\u00e0 8h00. Ses quatre manuscrits \u00e9crits par an, \u00ab c\u2019est de la pure v\u00e9rit\u00e9 \u00bb r\u00e9pond-elle. Ses 110 manuscrits dans le tiroir, dont certains n\u2019ont aucune vocation \u00e0 \u00eatre publi\u00e9s, puisque \u00ab ce ne sont que mes obsessions \u00bb.<\/p>\n\n\n\n<p class=\"has-black-color has-text-color has-link-color wp-elements-a38f0a3bd1d9721af79a80215ea38e43\">Bref, cela m\u2019a bien marqu\u00e9. Assez pour que, le soir m\u00eame, apr\u00e8s ma baignade du soir sur la plage des Lucioles, j\u2019\u00e9crive dans mon journal, ce qui \u00e9tait parti d\u2019un \u00e9ni\u00e8me Reels Instagram. Assez pour que je d\u00e9cide de me lever t\u00f4t et d\u2019\u00e9crire. Assez pour que ma grand-m\u00e8re m\u2019ach\u00e8te <a href=\"https:\/\/amzn.to\/3AJ6GO3\">le dernier Am\u00e9lie Nothomb<\/a> deux jours plus tard, alors qu\u2019elle passait \u00e0 Cannes pour l\u2019appareil auditif de P\u00e9p\u00e9 Jean-Louis.<\/p>\n\n\n\n<figure class=\"wp-block-image size-large is-style-default\"><img loading=\"lazy\" decoding=\"async\" width=\"768\" height=\"1024\" src=\"https:\/\/www.leopolddutrey.com\/wp-content\/uploads\/2024\/08\/IMG_0810-768x1024.jpg\" alt=\"\" class=\"wp-image-1465\" srcset=\"https:\/\/www.leopolddutrey.com\/wp-content\/uploads\/2024\/08\/IMG_0810-768x1024.jpg 768w, https:\/\/www.leopolddutrey.com\/wp-content\/uploads\/2024\/08\/IMG_0810-225x300.jpg 225w, https:\/\/www.leopolddutrey.com\/wp-content\/uploads\/2024\/08\/IMG_0810-1152x1536.jpg 1152w, https:\/\/www.leopolddutrey.com\/wp-content\/uploads\/2024\/08\/IMG_0810-1536x2048.jpg 1536w, https:\/\/www.leopolddutrey.com\/wp-content\/uploads\/2024\/08\/IMG_0810-9x12.jpg 9w, https:\/\/www.leopolddutrey.com\/wp-content\/uploads\/2024\/08\/IMG_0810-scaled.jpg 1920w\" sizes=\"auto, (max-width: 768px) 100vw, 768px\" \/><figcaption class=\"wp-element-caption\"><em>Photographe : <a href=\"https:\/\/www.seban-meyer.com\"><strong>Erick Seban Meyer<\/strong><\/a> \u00e0 la Plage de la Baumette<\/em> <em>le 11 ao\u00fbt 2020<\/em><\/figcaption><\/figure>\n\n\n\n<p>J\u2019aime beaucoup \u00e9crire. Je trouve que \u00e7a permet de cr\u00e9er de l\u2019ordre dans mes id\u00e9es. \u00c7a me permet de raconter une histoire. Parfois, les id\u00e9es viennent, puis disparaissent, sans avoir le temps de les coucher sur du papier. \u00c9crire, c\u2019est laisser une trace. Une trace de ses r\u00e9flexions. Une trace de la progression de son cheminement mental.<\/p>\n\n\n\n<p class=\"has-black-color has-text-color has-link-color wp-elements-2b5c268acf8bd66be6eb5b6196793cbf\">Donc me voil\u00e0, j\u2019\u00e9cris, cette fois-ci pas pour moi dans mon journal, mais avec l\u2019intention de partager. Ce qui est bien, c\u2019est que j\u2019ai un site internet que <a href=\"https:\/\/www.linkedin.com\/in\/benjaminczajka\/?originalSubdomain=fr\"><strong>Benjamin Czajka<\/strong><\/a> m\u2019a fait il y a quelques ann\u00e9es. C\u2019est bien, \u00e7a fait pro. Je peux partager \u00e0 compte-gouttes tout ce que j\u2019\u00e9cris, que \u00e7a soit bien ou non. Le plus important, c\u2019est que le travail final soit publi\u00e9, abouti. J\u2019aurai tout le temps apr\u00e8s pour m\u2019am\u00e9liorer, savoir ce que je peux \u00e9crire ou non, instinctivement. Publier, c\u2019est se jeter \u00e0 l\u2019eau, et m\u00eame si je fais des plats de temps en temps, au moins j\u2019apprends.<\/p>\n\n\n\n<figure class=\"wp-block-image size-large\"><img loading=\"lazy\" decoding=\"async\" width=\"683\" height=\"1024\" src=\"https:\/\/www.leopolddutrey.com\/wp-content\/uploads\/2024\/08\/IMG_9615-683x1024.jpg\" alt=\"\" class=\"wp-image-1467\" srcset=\"https:\/\/www.leopolddutrey.com\/wp-content\/uploads\/2024\/08\/IMG_9615-683x1024.jpg 683w, https:\/\/www.leopolddutrey.com\/wp-content\/uploads\/2024\/08\/IMG_9615-200x300.jpg 200w, https:\/\/www.leopolddutrey.com\/wp-content\/uploads\/2024\/08\/IMG_9615-768x1152.jpg 768w, https:\/\/www.leopolddutrey.com\/wp-content\/uploads\/2024\/08\/IMG_9615-8x12.jpg 8w, https:\/\/www.leopolddutrey.com\/wp-content\/uploads\/2024\/08\/IMG_9615.jpg 900w\" sizes=\"auto, (max-width: 683px) 100vw, 683px\" \/><figcaption class=\"wp-element-caption\"><em>Annecy 2020<\/em><\/figcaption><\/figure>\n\n\n\n<p>Dans les formats de vid\u00e9os que j\u2019ai cr\u00e9\u00e9s sur les r\u00e9seaux sociaux, j\u2019avais la m\u00eame approche. \u00c0 l\u2019heure des vid\u00e9os plut\u00f4t courtes, rien n\u2019est parfait. Ce n\u2019est pas une forme de perfection qui est recherch\u00e9e, ou m\u00eame qui fonctionne. D\u2019ailleurs, les vid\u00e9os tr\u00e8s l\u00e9ch\u00e9es de publicit\u00e9 ont l\u2019air de mal fonctionner, m\u00eame avec du budget m\u00e9dia. Au contraire, les vid\u00e9os authentiques, travaill\u00e9es, et parfaitement imparfaites semblent bien fonctionner sur TikTok. Ce que je dis n\u2019est pas compl\u00e8tement vrai, mais disons que c\u2019est l\u2019exp\u00e9rience que j\u2019en ai faite, qui m\u2019a encourag\u00e9 \u00e0 publier beaucoup, pour avoir quelques vid\u00e9os qui percent. Publier beaucoup, ce qui implique parfois de rel\u00e9guer la qualit\u00e9 au second plan, par manque de temps ou par flemme.<\/p>\n\n\n\n<p>Un des formats que j\u2019ai revisit\u00e9s, c\u2019\u00e9tait le format vlog. C\u2019\u00e9tait en d\u00e9but 2023. J\u2019\u00e9tais plein de bonnes routines. Je lisais beaucoup de livres de d\u00e9veloppement personnel. Je lisais beaucoup tout court. J\u2019avais une routine matinale sportive, sans d\u00e9rogation. Je publiais des vid\u00e9os courtes avec des programmes sportifs poids-du-corps. Je publiais des conseils en nutrition. J\u2019\u00e9crivais tous les jours dans mon journal.<\/p>\n\n\n\n<figure class=\"wp-block-image size-large\"><img loading=\"lazy\" decoding=\"async\" width=\"819\" height=\"1024\" src=\"https:\/\/www.leopolddutrey.com\/wp-content\/uploads\/2024\/08\/IMG_1125-819x1024.jpg\" alt=\"\" class=\"wp-image-1466\" srcset=\"https:\/\/www.leopolddutrey.com\/wp-content\/uploads\/2024\/08\/IMG_1125-819x1024.jpg 819w, https:\/\/www.leopolddutrey.com\/wp-content\/uploads\/2024\/08\/IMG_1125-240x300.jpg 240w, https:\/\/www.leopolddutrey.com\/wp-content\/uploads\/2024\/08\/IMG_1125-768x960.jpg 768w, https:\/\/www.leopolddutrey.com\/wp-content\/uploads\/2024\/08\/IMG_1125-1228x1536.jpg 1228w, https:\/\/www.leopolddutrey.com\/wp-content\/uploads\/2024\/08\/IMG_1125-1638x2048.jpg 1638w, https:\/\/www.leopolddutrey.com\/wp-content\/uploads\/2024\/08\/IMG_1125-10x12.jpg 10w, https:\/\/www.leopolddutrey.com\/wp-content\/uploads\/2024\/08\/IMG_1125-scaled.jpg 2047w\" sizes=\"auto, (max-width: 819px) 100vw, 819px\" \/><figcaption class=\"wp-element-caption\"><em>Photographe :<strong> <a href=\"https:\/\/www.instagram.com\/rural_prod\/\">Louis Down<\/a><\/strong><\/em><\/figcaption><\/figure>\n\n\n\n<p>Je suis arriv\u00e9 \u00e0 un stade o\u00f9 toutes ces habitudes \u00e9taient assez bien mises en place pour que je sois pr\u00eat \u00e0 les partager. Quand j\u2019ai rep\u00e9r\u00e9 une nouvelle opportunit\u00e9 de me filmer, et de montrer mes nouvelles activit\u00e9s qui se pr\u00eatent moyennement \u00e0 \u00eatre film\u00e9es, j\u2019\u00e9tais tr\u00e8s satisfait. Quand on lit, on lit, on ne fait pas un TikTok. Mais quand on filme un vlog, on peut se filmer en train de lire, puis de cuisiner sainement, et enfin pratiquer du sport, sans que l\u2019activit\u00e9 elle-m\u00eame devienne un moment de production vid\u00e9o \u00e0 part enti\u00e8re, comme l\u2019\u00e9taient devenues les s\u00e9ances de sport que je publiais \u00e0 ce moment-l\u00e0.<\/p>\n\n\n\n<p>Alors que je commen\u00e7ais \u00e0 me d\u00e9sint\u00e9resser des r\u00e9seaux sociaux, et m\u2019int\u00e9resser \u00e0 d\u2019autres activit\u00e9s loin des r\u00e9seaux, j\u2019avais l\u2019impression d\u2019avoir trouv\u00e9 un compromis. J\u2019avais l\u2019impression d\u2019avoir trouv\u00e9 une mani\u00e8re de partager mon temps hors des r\u00e9seaux sociaux. Des moments et des choses comme la lecture, o\u00f9 je pense que les gens savent instinctivement que c\u2019est plus sain que de passer du temps sur Instagram, mais qui manquent de mod\u00e8les.<\/p>\n\n\n\n<figure class=\"wp-block-image size-large\"><img loading=\"lazy\" decoding=\"async\" width=\"681\" height=\"1024\" src=\"https:\/\/www.leopolddutrey.com\/wp-content\/uploads\/2024\/08\/IMG_0237-681x1024.jpg\" alt=\"\" class=\"wp-image-1468\" srcset=\"https:\/\/www.leopolddutrey.com\/wp-content\/uploads\/2024\/08\/IMG_0237-681x1024.jpg 681w, https:\/\/www.leopolddutrey.com\/wp-content\/uploads\/2024\/08\/IMG_0237-200x300.jpg 200w, https:\/\/www.leopolddutrey.com\/wp-content\/uploads\/2024\/08\/IMG_0237-768x1154.jpg 768w, https:\/\/www.leopolddutrey.com\/wp-content\/uploads\/2024\/08\/IMG_0237-1022x1536.jpg 1022w, https:\/\/www.leopolddutrey.com\/wp-content\/uploads\/2024\/08\/IMG_0237-1363x2048.jpg 1363w, https:\/\/www.leopolddutrey.com\/wp-content\/uploads\/2024\/08\/IMG_0237-8x12.jpg 8w, https:\/\/www.leopolddutrey.com\/wp-content\/uploads\/2024\/08\/IMG_0237-scaled.jpg 1703w\" sizes=\"auto, (max-width: 681px) 100vw, 681px\" \/><figcaption class=\"wp-element-caption\"><em>Premi\u00e8re s\u00e9ance photo en studio avec <a href=\"https:\/\/www.instagram.com\/luetzenkirchen_for_men\/\"><strong>Alexandra L\u00fctzenkirchen<\/strong><\/a> \u00e0 Weinheim, le 11 avril 2019<\/em><\/figcaption><\/figure>\n\n\n\n<p>Le truc, c\u2019est que j\u2019ai commenc\u00e9 Instagram avec le mannequinat. J\u2019adore la photo. Et quand c\u2019est moi qui suis beau dessus, \u00e7a me va tr\u00e8s bien. Je trouve \u00e7a super cool. La seule limite, ou ma seule crainte, c\u2019est que \u00e7a soit peut-\u00eatre un m\u00e9tier ou une forme de cr\u00e9ation de contenu qui peut devenir un peu creuse intellectuellement, et superficielle. Rien de grave. Tout n\u2019a pas besoin d\u2019\u00eatre stimulant intellectuellement ; le beau peut suffire \u00e0 lui-m\u00eame. D\u2019ailleurs, avant que je fasse un virage complet dans ma cr\u00e9ation de contenu, je pense que personne ne s\u2019attendait \u00e0 autre chose que des belles photos et des vid\u00e9os de trend.<\/p>\n\n\n\n<p>Le vlog, c\u2019est cool parce que c\u2019est une mani\u00e8re de continuer \u00e0 me montrer moi, mais en partageant un truc nouveau. Tant que les gens me voient, pourvu que je ne sois pas trop moche, \u00e7a fonctionne. C\u2019est un peu la base de ma cr\u00e9ation de contenu. Le plus important, c\u2019est que je sois beau, apr\u00e8s, ce que je raconte c\u2019est pour cr\u00e9er un lien. C\u2019est un moyen de partager un peu plus de qui je suis. Une mani\u00e8re de laisser une trace.<\/p>\n\n\n\n<figure class=\"wp-block-image size-large\"><img loading=\"lazy\" decoding=\"async\" width=\"683\" height=\"1024\" src=\"https:\/\/www.leopolddutrey.com\/wp-content\/uploads\/2024\/08\/IMG_3825-683x1024.jpg\" alt=\"\" class=\"wp-image-1469\" srcset=\"https:\/\/www.leopolddutrey.com\/wp-content\/uploads\/2024\/08\/IMG_3825-683x1024.jpg 683w, https:\/\/www.leopolddutrey.com\/wp-content\/uploads\/2024\/08\/IMG_3825-200x300.jpg 200w, https:\/\/www.leopolddutrey.com\/wp-content\/uploads\/2024\/08\/IMG_3825-768x1152.jpg 768w, https:\/\/www.leopolddutrey.com\/wp-content\/uploads\/2024\/08\/IMG_3825-1024x1536.jpg 1024w, https:\/\/www.leopolddutrey.com\/wp-content\/uploads\/2024\/08\/IMG_3825-1366x2048.jpg 1366w, https:\/\/www.leopolddutrey.com\/wp-content\/uploads\/2024\/08\/IMG_3825-8x12.jpg 8w, https:\/\/www.leopolddutrey.com\/wp-content\/uploads\/2024\/08\/IMG_3825-scaled.jpg 1707w\" sizes=\"auto, (max-width: 683px) 100vw, 683px\" \/><figcaption class=\"wp-element-caption\"><em>Photographe : <strong><a href=\"https:\/\/www.nindofilms.com\">Nindo Films<\/a><\/strong><\/em><\/figcaption><\/figure>\n\n\n<!-- wp:themify-builder\/canvas \/-->","protected":false},"excerpt":{"rendered":"<p>Je suis super maniaque. J\u2019aime bien quand les choses sont bien faites. J\u2019aime bien quand les choses sont en ordre. J\u2019aime bien quand les choses sont abouties. Hier, j\u2019ai \u00e9crit ma premi\u00e8re contribution, peut-\u00eatre un peu trop personnelle pour la partager, et d\u00e8s que j\u2019ai r\u00e9fl\u00e9chi au fait que je pouvais la traduire, je me [&hellip;]<\/p>","protected":false},"author":2,"featured_media":0,"comment_status":"open","ping_status":"open","sticky":false,"template":"","format":"standard","meta":{"footnotes":""},"categories":[1],"tags":[],"class_list":["post-1460","post","type-post","status-publish","format-standard","hentry","category-about-me","has-post-title","has-post-date","has-post-category","has-post-tag","has-post-comment","has-post-author",""],"yoast_head":"<!-- This site is optimized with the Yoast SEO plugin v23.2 - https:\/\/yoast.com\/wordpress\/plugins\/seo\/ -->\n<title>L\u2019Art de vouloir bien faire - L\u00c9OPOLD DUTREY<\/title>\n<meta name=\"robots\" content=\"index, follow, max-snippet:-1, max-image-preview:large, max-video-preview:-1\" \/>\n<link rel=\"canonical\" href=\"https:\/\/www.leopolddutrey.com\/fr\/2024\/08\/29\/lart-de-vouloir-bien-faire\/\" \/>\n<meta property=\"og:locale\" content=\"fr_FR\" \/>\n<meta property=\"og:type\" content=\"article\" \/>\n<meta property=\"og:title\" content=\"L\u2019Art de vouloir bien faire - L\u00c9OPOLD DUTREY\" \/>\n<meta property=\"og:description\" content=\"Je suis super maniaque. J\u2019aime bien quand les choses sont bien faites. J\u2019aime bien quand les choses sont en ordre. J\u2019aime bien quand les choses sont abouties. Hier, j\u2019ai \u00e9crit ma premi\u00e8re contribution, peut-\u00eatre un peu trop personnelle pour la partager, et d\u00e8s que j\u2019ai r\u00e9fl\u00e9chi au fait que je pouvais la traduire, je me [&hellip;]\" \/>\n<meta property=\"og:url\" content=\"https:\/\/www.leopolddutrey.com\/fr\/2024\/08\/29\/lart-de-vouloir-bien-faire\/\" \/>\n<meta property=\"og:site_name\" content=\"L\u00c9OPOLD DUTREY\" \/>\n<meta property=\"article:published_time\" content=\"2024-08-29T08:56:24+00:00\" \/>\n<meta property=\"article:modified_time\" content=\"2024-08-29T09:14:47+00:00\" \/>\n<meta property=\"og:image\" content=\"https:\/\/www.leopolddutrey.com\/wp-content\/uploads\/2024\/08\/IMG_8496-2-768x1024.jpg\" \/>\n<meta name=\"author\" content=\"L\u00e9opold Dutrey\" \/>\n<meta name=\"twitter:card\" content=\"summary_large_image\" \/>\n<meta name=\"twitter:label1\" content=\"\u00c9crit par\" \/>\n\t<meta name=\"twitter:data1\" content=\"L\u00e9opold Dutrey\" \/>\n\t<meta name=\"twitter:label2\" content=\"Dur\u00e9e de lecture estim\u00e9e\" \/>\n\t<meta name=\"twitter:data2\" content=\"8 minutes\" \/>\n<script type=\"application\/ld+json\" class=\"yoast-schema-graph\">{\"@context\":\"https:\/\/schema.org\",\"@graph\":[{\"@type\":\"WebPage\",\"@id\":\"https:\/\/www.leopolddutrey.com\/2024\/08\/29\/lart-de-vouloir-bien-faire\/\",\"url\":\"https:\/\/www.leopolddutrey.com\/2024\/08\/29\/lart-de-vouloir-bien-faire\/\",\"name\":\"L\u2019Art de vouloir bien faire - L\u00c9OPOLD DUTREY\",\"isPartOf\":{\"@id\":\"https:\/\/www.leopolddutrey.com\/#website\"},\"primaryImageOfPage\":{\"@id\":\"https:\/\/www.leopolddutrey.com\/2024\/08\/29\/lart-de-vouloir-bien-faire\/#primaryimage\"},\"image\":{\"@id\":\"https:\/\/www.leopolddutrey.com\/2024\/08\/29\/lart-de-vouloir-bien-faire\/#primaryimage\"},\"thumbnailUrl\":\"https:\/\/www.leopolddutrey.com\/wp-content\/uploads\/2024\/08\/IMG_8496-2-768x1024.jpg\",\"datePublished\":\"2024-08-29T08:56:24+00:00\",\"dateModified\":\"2024-08-29T09:14:47+00:00\",\"author\":{\"@id\":\"https:\/\/www.leopolddutrey.com\/#\/schema\/person\/541e87c76e48e02c942800c05b7a959f\"},\"breadcrumb\":{\"@id\":\"https:\/\/www.leopolddutrey.com\/2024\/08\/29\/lart-de-vouloir-bien-faire\/#breadcrumb\"},\"inLanguage\":\"fr-FR\",\"potentialAction\":[{\"@type\":\"ReadAction\",\"target\":[\"https:\/\/www.leopolddutrey.com\/2024\/08\/29\/lart-de-vouloir-bien-faire\/\"]}]},{\"@type\":\"ImageObject\",\"inLanguage\":\"fr-FR\",\"@id\":\"https:\/\/www.leopolddutrey.com\/2024\/08\/29\/lart-de-vouloir-bien-faire\/#primaryimage\",\"url\":\"https:\/\/www.leopolddutrey.com\/wp-content\/uploads\/2024\/08\/IMG_8496-2-768x1024.jpg\",\"contentUrl\":\"https:\/\/www.leopolddutrey.com\/wp-content\/uploads\/2024\/08\/IMG_8496-2-768x1024.jpg\"},{\"@type\":\"BreadcrumbList\",\"@id\":\"https:\/\/www.leopolddutrey.com\/2024\/08\/29\/lart-de-vouloir-bien-faire\/#breadcrumb\",\"itemListElement\":[{\"@type\":\"ListItem\",\"position\":1,\"name\":\"Accueil\",\"item\":\"https:\/\/www.leopolddutrey.com\/\"},{\"@type\":\"ListItem\",\"position\":2,\"name\":\"L\u2019Art de vouloir bien faire\"}]},{\"@type\":\"WebSite\",\"@id\":\"https:\/\/www.leopolddutrey.com\/#website\",\"url\":\"https:\/\/www.leopolddutrey.com\/\",\"name\":\"L\u00c9OPOLD DUTREY\",\"description\":\"Le site web officiel de L\u00e9opold DUTREY\",\"potentialAction\":[{\"@type\":\"SearchAction\",\"target\":{\"@type\":\"EntryPoint\",\"urlTemplate\":\"https:\/\/www.leopolddutrey.com\/?s={search_term_string}\"},\"query-input\":\"required name=search_term_string\"}],\"inLanguage\":\"fr-FR\"},{\"@type\":\"Person\",\"@id\":\"https:\/\/www.leopolddutrey.com\/#\/schema\/person\/541e87c76e48e02c942800c05b7a959f\",\"name\":\"L\u00e9opold Dutrey\",\"image\":{\"@type\":\"ImageObject\",\"inLanguage\":\"fr-FR\",\"@id\":\"https:\/\/www.leopolddutrey.com\/#\/schema\/person\/image\/\",\"url\":\"https:\/\/secure.gravatar.com\/avatar\/52b8e74742b4860b862f2f062689f5d2f1421b0149b0a0b7b978d8c65824aec8?s=96&d=mm&r=g\",\"contentUrl\":\"https:\/\/secure.gravatar.com\/avatar\/52b8e74742b4860b862f2f062689f5d2f1421b0149b0a0b7b978d8c65824aec8?s=96&d=mm&r=g\",\"caption\":\"L\u00e9opold Dutrey\"},\"sameAs\":[\"http:\/\/leopolddutrey.com\"],\"url\":\"https:\/\/www.leopolddutrey.com\/fr\/author\/leopold\/\"}]}<\/script>\n<!-- \/ Yoast SEO plugin. -->","yoast_head_json":{"title":"L\u2019Art de vouloir bien faire - L\u00c9OPOLD DUTREY","robots":{"index":"index","follow":"follow","max-snippet":"max-snippet:-1","max-image-preview":"max-image-preview:large","max-video-preview":"max-video-preview:-1"},"canonical":"https:\/\/www.leopolddutrey.com\/fr\/2024\/08\/29\/lart-de-vouloir-bien-faire\/","og_locale":"fr_FR","og_type":"article","og_title":"L\u2019Art de vouloir bien faire - L\u00c9OPOLD DUTREY","og_description":"Je suis super maniaque. J\u2019aime bien quand les choses sont bien faites. J\u2019aime bien quand les choses sont en ordre. J\u2019aime bien quand les choses sont abouties. Hier, j\u2019ai \u00e9crit ma premi\u00e8re contribution, peut-\u00eatre un peu trop personnelle pour la partager, et d\u00e8s que j\u2019ai r\u00e9fl\u00e9chi au fait que je pouvais la traduire, je me [&hellip;]","og_url":"https:\/\/www.leopolddutrey.com\/fr\/2024\/08\/29\/lart-de-vouloir-bien-faire\/","og_site_name":"L\u00c9OPOLD DUTREY","article_published_time":"2024-08-29T08:56:24+00:00","article_modified_time":"2024-08-29T09:14:47+00:00","og_image":[{"url":"https:\/\/www.leopolddutrey.com\/wp-content\/uploads\/2024\/08\/IMG_8496-2-768x1024.jpg"}],"author":"L\u00e9opold Dutrey","twitter_card":"summary_large_image","twitter_misc":{"\u00c9crit par":"L\u00e9opold Dutrey","Dur\u00e9e de lecture estim\u00e9e":"8 minutes"},"schema":{"@context":"https:\/\/schema.org","@graph":[{"@type":"WebPage","@id":"https:\/\/www.leopolddutrey.com\/2024\/08\/29\/lart-de-vouloir-bien-faire\/","url":"https:\/\/www.leopolddutrey.com\/2024\/08\/29\/lart-de-vouloir-bien-faire\/","name":"L\u2019Art de vouloir bien faire - L\u00c9OPOLD DUTREY","isPartOf":{"@id":"https:\/\/www.leopolddutrey.com\/#website"},"primaryImageOfPage":{"@id":"https:\/\/www.leopolddutrey.com\/2024\/08\/29\/lart-de-vouloir-bien-faire\/#primaryimage"},"image":{"@id":"https:\/\/www.leopolddutrey.com\/2024\/08\/29\/lart-de-vouloir-bien-faire\/#primaryimage"},"thumbnailUrl":"https:\/\/www.leopolddutrey.com\/wp-content\/uploads\/2024\/08\/IMG_8496-2-768x1024.jpg","datePublished":"2024-08-29T08:56:24+00:00","dateModified":"2024-08-29T09:14:47+00:00","author":{"@id":"https:\/\/www.leopolddutrey.com\/#\/schema\/person\/541e87c76e48e02c942800c05b7a959f"},"breadcrumb":{"@id":"https:\/\/www.leopolddutrey.com\/2024\/08\/29\/lart-de-vouloir-bien-faire\/#breadcrumb"},"inLanguage":"fr-FR","potentialAction":[{"@type":"ReadAction","target":["https:\/\/www.leopolddutrey.com\/2024\/08\/29\/lart-de-vouloir-bien-faire\/"]}]},{"@type":"ImageObject","inLanguage":"fr-FR","@id":"https:\/\/www.leopolddutrey.com\/2024\/08\/29\/lart-de-vouloir-bien-faire\/#primaryimage","url":"https:\/\/www.leopolddutrey.com\/wp-content\/uploads\/2024\/08\/IMG_8496-2-768x1024.jpg","contentUrl":"https:\/\/www.leopolddutrey.com\/wp-content\/uploads\/2024\/08\/IMG_8496-2-768x1024.jpg"},{"@type":"BreadcrumbList","@id":"https:\/\/www.leopolddutrey.com\/2024\/08\/29\/lart-de-vouloir-bien-faire\/#breadcrumb","itemListElement":[{"@type":"ListItem","position":1,"name":"Accueil","item":"https:\/\/www.leopolddutrey.com\/"},{"@type":"ListItem","position":2,"name":"L\u2019Art de vouloir bien faire"}]},{"@type":"WebSite","@id":"https:\/\/www.leopolddutrey.com\/#website","url":"https:\/\/www.leopolddutrey.com\/","name":"L\u00c9OPOLD DUTREY","description":"Le site web officiel de L\u00e9opold DUTREY","potentialAction":[{"@type":"SearchAction","target":{"@type":"EntryPoint","urlTemplate":"https:\/\/www.leopolddutrey.com\/?s={search_term_string}"},"query-input":"required name=search_term_string"}],"inLanguage":"fr-FR"},{"@type":"Person","@id":"https:\/\/www.leopolddutrey.com\/#\/schema\/person\/541e87c76e48e02c942800c05b7a959f","name":"L\u00e9opold Dutrey","image":{"@type":"ImageObject","inLanguage":"fr-FR","@id":"https:\/\/www.leopolddutrey.com\/#\/schema\/person\/image\/","url":"https:\/\/secure.gravatar.com\/avatar\/52b8e74742b4860b862f2f062689f5d2f1421b0149b0a0b7b978d8c65824aec8?s=96&d=mm&r=g","contentUrl":"https:\/\/secure.gravatar.com\/avatar\/52b8e74742b4860b862f2f062689f5d2f1421b0149b0a0b7b978d8c65824aec8?s=96&d=mm&r=g","caption":"L\u00e9opold Dutrey"},"sameAs":["http:\/\/leopolddutrey.com"],"url":"https:\/\/www.leopolddutrey.com\/fr\/author\/leopold\/"}]}},"builder_content":"","_links":{"self":[{"href":"https:\/\/www.leopolddutrey.com\/fr\/wp-json\/wp\/v2\/posts\/1460","targetHints":{"allow":["GET"]}}],"collection":[{"href":"https:\/\/www.leopolddutrey.com\/fr\/wp-json\/wp\/v2\/posts"}],"about":[{"href":"https:\/\/www.leopolddutrey.com\/fr\/wp-json\/wp\/v2\/types\/post"}],"author":[{"embeddable":true,"href":"https:\/\/www.leopolddutrey.com\/fr\/wp-json\/wp\/v2\/users\/2"}],"replies":[{"embeddable":true,"href":"https:\/\/www.leopolddutrey.com\/fr\/wp-json\/wp\/v2\/comments?post=1460"}],"version-history":[{"count":8,"href":"https:\/\/www.leopolddutrey.com\/fr\/wp-json\/wp\/v2\/posts\/1460\/revisions"}],"predecessor-version":[{"id":1479,"href":"https:\/\/www.leopolddutrey.com\/fr\/wp-json\/wp\/v2\/posts\/1460\/revisions\/1479"}],"wp:attachment":[{"href":"https:\/\/www.leopolddutrey.com\/fr\/wp-json\/wp\/v2\/media?parent=1460"}],"wp:term":[{"taxonomy":"category","embeddable":true,"href":"https:\/\/www.leopolddutrey.com\/fr\/wp-json\/wp\/v2\/categories?post=1460"},{"taxonomy":"post_tag","embeddable":true,"href":"https:\/\/www.leopolddutrey.com\/fr\/wp-json\/wp\/v2\/tags?post=1460"}],"curies":[{"name":"wp","href":"https:\/\/api.w.org\/{rel}","templated":true}]}}