{"id":1445,"date":"2024-08-27T06:06:20","date_gmt":"2024-08-27T06:06:20","guid":{"rendered":"https:\/\/www.leopolddutrey.com\/?p=1445"},"modified":"2024-08-29T10:02:16","modified_gmt":"2024-08-29T10:02:16","slug":"8-last-months-of-work","status":"publish","type":"post","link":"https:\/\/www.leopolddutrey.com\/fr\/2024\/08\/27\/8-last-months-of-work\/","title":{"rendered":"Retour sur mon boulot"},"content":{"rendered":"<p>Il est 6h30 du matin. Je ne me r\u00e9veille jamais aussi t\u00f4t. Enfin, sauf si j\u2019ai trouv\u00e9 un vol pas cher \u00e0 prendre le matin. Mais la raison pour laquelle je me suis lev\u00e9 si t\u00f4t (pour moi) aujourd\u2019hui, c\u2019est parce que j\u2019ai du mal \u00e0 trouver du temps pour moi.<br><br>Au travail, je bosse plus pour les autres que pour moi-m\u00eame. Ce qui est normal si je veux \u00eatre pay\u00e9. Mais derni\u00e8rement, j\u2019ai du mal \u00e0 arriver \u00e0 la partie o\u00f9 je travaille pour moi.\u00a0<br><br>Au boulot, parmi d\u2019autres t\u00e2ches, je m\u2019occupe des partenariats strat\u00e9giques chez l\u2019ISCEA (International Supply Chain Education Alliance). Je recherche des prospects. J\u2019envoie des demandes de connexion sur LinkedIn. J\u2019essaie d\u2019\u00e9crire les meilleurs emails pour obtenir une r\u00e9ponse. Mon objectif est de les amener \u00e0 un appel pour discuter de la mani\u00e8re dont je pourrais faciliter l\u2019acc\u00e8s aux certifications propos\u00e9es par l\u2019ISCEA gr\u00e2ce \u00e0 un partenariat strat\u00e9gique, sous la forme d\u2019un protocole d\u2019accord (MOU - Memorandum of Understanding). C\u2019est ainsi que je gagne la majeure partie de mon argent et que je devrais passer le plus clair de mon temps. Le probl\u00e8me, c\u2019est que, parce que j\u2019ai sp\u00e9cifiquement demand\u00e9 une mani\u00e8re de travailler extr\u00eamement flexible, d\u00e8s que je suis pris dans des plans quotidiens assez al\u00e9atoires (comme prendre un train pour descendre dans le sud pendant quelques heures, ou d\u00e9cider de faire une sortie en bateau que je ne veux pas manquer), je n\u2019arrive pas \u00e0 atteindre la partie significative de ma journ\u00e9e et de mon travail, de mon point de vue, qui est de cr\u00e9er et de partager davantage sur moi-m\u00eame.<\/p>\n\n\n\n<figure class=\"wp-block-image size-large\"><img loading=\"lazy\" decoding=\"async\" width=\"576\" height=\"1024\" src=\"https:\/\/www.leopolddutrey.com\/wp-content\/uploads\/2024\/08\/C7BA3F3D-F952-4C12-AD53-052DF4710147-576x1024.jpg\" alt=\"\" class=\"wp-image-1446\" srcset=\"https:\/\/www.leopolddutrey.com\/wp-content\/uploads\/2024\/08\/C7BA3F3D-F952-4C12-AD53-052DF4710147-576x1024.jpg 576w, https:\/\/www.leopolddutrey.com\/wp-content\/uploads\/2024\/08\/C7BA3F3D-F952-4C12-AD53-052DF4710147-169x300.jpg 169w, https:\/\/www.leopolddutrey.com\/wp-content\/uploads\/2024\/08\/C7BA3F3D-F952-4C12-AD53-052DF4710147-768x1365.jpg 768w, https:\/\/www.leopolddutrey.com\/wp-content\/uploads\/2024\/08\/C7BA3F3D-F952-4C12-AD53-052DF4710147-864x1536.jpg 864w, https:\/\/www.leopolddutrey.com\/wp-content\/uploads\/2024\/08\/C7BA3F3D-F952-4C12-AD53-052DF4710147-1152x2048.jpg 1152w, https:\/\/www.leopolddutrey.com\/wp-content\/uploads\/2024\/08\/C7BA3F3D-F952-4C12-AD53-052DF4710147-7x12.jpg 7w, https:\/\/www.leopolddutrey.com\/wp-content\/uploads\/2024\/08\/C7BA3F3D-F952-4C12-AD53-052DF4710147.jpg 1284w\" sizes=\"auto, (max-width: 576px) 100vw, 576px\" \/><figcaption class=\"wp-element-caption\"><em>\u00c0 l'exposition du Retail Supply<\/em> <em>Chain &amp; Logistics \u00e0 Las Vegas<\/em><\/figcaption><\/figure>\n\n\n\n<p>Mon r\u00eave est clairement de devenir cr\u00e9ateur. Je veux cr\u00e9er des choses dont je suis fier. Et par \"choses\", j\u2019entends des Reels Instagram et TikToks bien produits, de belles photos, un bel article, et peut-\u00eatre un jour, un livre. Il existe de nombreuses fa\u00e7ons de partager des choses. Le format ou la mani\u00e8re dont je partage m\u2019importe peu. Que je veuille \u00e9crire, parler, ou prendre des photos, cela d\u00e9pend simplement de mon humeur. Ce qui compte pour moi, pour que cela ait du sens, c\u2019est que je partage une partie de moi-m\u00eame dedans. Que je puisse voir la contribution durable que j\u2019ai essay\u00e9 de faire.<br><br>C\u2019est d\u00e9j\u00e0 un peu ce que je fais en tant que cr\u00e9ateur de contenu et mannequin sur Instagram et TikTok. Mais comme je n\u2019ai pas encore trouv\u00e9 comment en vivre, j\u2019ai essay\u00e9 de concevoir ma vie professionnelle de mani\u00e8re \u00e0 pouvoir dire oui \u00e0 toute opportunit\u00e9 qui se pr\u00e9sente. J\u2019ai choisi de travailler pour l\u2019ISCEA parce qu\u2019ils comprenaient tr\u00e8s bien mes objectifs en tant que mannequin. Ils m\u2019ont propos\u00e9 de travailler jusqu\u2019\u00e0 20 heures par semaine. Moins si je ne trouvais pas le temps de le faire. D\u2019une mani\u00e8re ou d\u2019une autre, je trouve rarement le temps de le faire, et je me sens coupable pour \u00e7a. Je pourrais bl\u00e2mer beaucoup de choses, les circonstances, mais en r\u00e9alit\u00e9, j\u2019ai choisi de voyager tout l\u2019\u00e9t\u00e9, ce qui m\u2019a fait manquer de la stabilit\u00e9 n\u00e9cessaire pour bien faire mon travail. Donc, au lieu d\u2019apporter beaucoup de valeur, je me suis simplement content\u00e9 de m\u2019impliquer dans le travail.\u00a0<br><br>Ce n\u2019est pas quelque chose dont je suis fier. Quand je commence quelque chose, je veux le ma\u00eetriser, devenir excellent. Je veux avoir le sentiment d\u2019apporter de la valeur. Le vrai probl\u00e8me, c\u2019est que je n\u2019arrive pas \u00e0 me concentrer sur le travail pour l\u2019ISCEA \u00e0 cause de toutes les autres choses que je veux accomplir et faire r\u00e9guli\u00e8rement \u00e0 c\u00f4t\u00e9, et surtout, je n\u2019arrive pas \u00e0 me concentrer sur une seule chose parce que j\u2019ai du mal \u00e0 faire des choix.\u00a0<br><br>Il serait plus sain et r\u00e9aliste pour moi de travailler pour un seul client en tant que freelance, tout en continuant \u00e0 d\u00e9velopper mes r\u00e9seaux sociaux et \u00e0 travailler comme mannequin \u00e0 c\u00f4t\u00e9, tout en pouvant payer mon loyer. Si je choisissais juste deux m\u00e9tiers, je pourrais peut-\u00eatre \u00eatre satisfait de l\u2019\u00e9quilibre des choses. Cependant, comme je l\u2019ai dit, au travail, entre autres t\u00e2ches, je travaille pour l\u2019ISCEA, je m\u2019occupe des r\u00e9seaux sociaux d\u2019une marque appel\u00e9e me moringa, et je commence \u00e0 me lancer dans un nouveau r\u00f4le de Partner Channel Manager chez \/influx, l\u2019agence d\u2019influenceurs qui me repr\u00e9sente \u00e9galement. J\u2019ai aussi eu d\u2019autres jobs et contrats ces derniers mois. J\u2019ai travaill\u00e9 pour Marie-Pierre Vedrenne, d\u00e9put\u00e9e europ\u00e9enne, pendant six semaines. Je l\u2019ai aid\u00e9e avec ses r\u00e9seaux sociaux, je l\u2019ai pouss\u00e9e \u00e0 faire des vlogs, je lui ai montr\u00e9 comment g\u00e9rer la technologie, en cr\u00e9ant beaucoup de contenu pour elle. Cela a ensuite attir\u00e9 l\u2019attention de Fabien Aufrechter, le maire d\u2019une ville fran\u00e7aise pr\u00e8s de Paris, appel\u00e9e Verneuil-sur-Seine. J\u2019ai eu une mission de conseil d\u2019un jour pour lui apprendre tout ce dont il avait besoin pour cr\u00e9er les meilleurs vlogs possibles par lui-m\u00eame (avec l\u2019aide de son \u00e9quipe si possible). J\u2019ai aussi sign\u00e9 un contrat avec l\u2019agence de communication pour laquelle j\u2019avais travaill\u00e9 \u00e0 Br\u00eame en Allemagne pendant six mois, appel\u00e9e construktiv. L\u2019id\u00e9e \u00e9tait d\u2019\u00e9tablir une sorte de protocole d\u2019accord sur la mani\u00e8re dont nous pourrions travailler ensemble, mais nous ne l\u2019avons jamais fait (encore) apr\u00e8s la signature du contrat.<\/p>\n\n\n\n<figure class=\"wp-block-image size-large\"><img loading=\"lazy\" decoding=\"async\" width=\"683\" height=\"1024\" src=\"https:\/\/www.leopolddutrey.com\/wp-content\/uploads\/2024\/08\/European-Parliament-Jeremy-Kieran-683x1024.jpg\" alt=\"\" class=\"wp-image-1448\" srcset=\"https:\/\/www.leopolddutrey.com\/wp-content\/uploads\/2024\/08\/European-Parliament-Jeremy-Kieran-683x1024.jpg 683w, https:\/\/www.leopolddutrey.com\/wp-content\/uploads\/2024\/08\/European-Parliament-Jeremy-Kieran-200x300.jpg 200w, https:\/\/www.leopolddutrey.com\/wp-content\/uploads\/2024\/08\/European-Parliament-Jeremy-Kieran-768x1152.jpg 768w, https:\/\/www.leopolddutrey.com\/wp-content\/uploads\/2024\/08\/European-Parliament-Jeremy-Kieran-1024x1536.jpg 1024w, https:\/\/www.leopolddutrey.com\/wp-content\/uploads\/2024\/08\/European-Parliament-Jeremy-Kieran-1365x2048.jpg 1365w, https:\/\/www.leopolddutrey.com\/wp-content\/uploads\/2024\/08\/European-Parliament-Jeremy-Kieran-8x12.jpg 8w, https:\/\/www.leopolddutrey.com\/wp-content\/uploads\/2024\/08\/European-Parliament-Jeremy-Kieran-scaled.jpg 1707w\" sizes=\"auto, (max-width: 683px) 100vw, 683px\" \/><figcaption class=\"wp-element-caption\"><em>Photographe: J\u00e9r\u00e9my Kieran, d\u00e9cembre 2023 \u00e0 Annecy<\/em><\/figcaption><\/figure>\n\n\n\n<p>Il est int\u00e9ressant pour moi de passer en revue le travail professionnel que j\u2019ai accompli au cours des huit derniers mois. J\u2019ai simplement essay\u00e9 de comprendre comment m\u2019en sortir. J\u2019ai accept\u00e9 des responsabilit\u00e9s pour pouvoir avoir la libert\u00e9 dont je sentais que j\u2019avais besoin. Et maintenant que je l\u2019ai, cela ressemble plus \u00e0 un probl\u00e8me, voire \u00e0 un pi\u00e8ge, qu\u2019\u00e0 la b\u00e9n\u00e9diction que c\u2019\u00e9tait au d\u00e9part.&nbsp;<br><br>Maintenant, j\u2019ai l\u2019impression que j\u2019ai \u00e0 nouveau besoin de structure. J\u2019ai l\u2019impression que si je n\u2019ai pas de vraies routines, je n\u2019y arriverai pas. C\u2019est tr\u00e8s exigeant de travailler pour diff\u00e9rents clients et d\u2019avoir plusieurs projets en m\u00eame temps.&nbsp;<br><br>Quand je regarde mon travail des huit derniers mois, celui avec Fabien Aufrechter est celui que j\u2019ai le plus appr\u00e9ci\u00e9. C\u2019\u00e9tait court mais percutant. Mon travail pour Marie-Pierre Vedrenne \u00e9tait beaucoup plus difficile, presque douloureux, mais cela en valait la peine, c\u2019\u00e9tait tr\u00e8s profond et significatif. Mon travail pour l\u2019ISCEA \u00e9tait le plus lucratif mais celui o\u00f9 j\u2019ai ressenti que j\u2019apportais le moins de valeur. Je ne suis pas encore excellent dans ce domaine. Mon travail pour me moringa \u00e9tait plus proche de ma comp\u00e9tence principale, qui est la cr\u00e9ation de contenu pour les r\u00e9seaux sociaux, mais bien que le travail que je fais ne soit pas trop mal et que j\u2019ai bien progress\u00e9 en cr\u00e9ant une belle vitrine, je me sens insatisfait et un peu impuissant, en raison du manque d\u2019engagement sur les r\u00e9seaux sociaux, en partie \u00e0 cause des contraintes budg\u00e9taires de ce compte. Mon r\u00f4le pour \/influx vient juste de commencer. J\u2019adore les valeurs de l\u2019entreprise. Je me sens chez moi l\u00e0-bas. J\u2019ai l\u2019impression qu\u2019ils peuvent me fournir la structure dont j\u2019ai besoin. J\u2019ai beaucoup d\u2019espoir que cela m\u2019apportera de grandes choses et que je pourrai bien faire mon travail, lorsque le r\u00f4le que j\u2019assume deviendra peut-\u00eatre mon principal emploi dans les mois \u00e0 venir.<\/p>\n\n\n\n<figure class=\"wp-block-image size-large\"><a href=\"https:\/\/www.linkedin.com\/posts\/l%C3%A9opold_i-really-wanted-to-share-these-few-pictures-activity-7220336010994343937-6y9v?utm_source=share&amp;utm_medium=member_desktop\"><img loading=\"lazy\" decoding=\"async\" width=\"1024\" height=\"683\" src=\"https:\/\/www.leopolddutrey.com\/wp-content\/uploads\/2024\/08\/Fabien-Aufrechter-1024x683.jpg\" alt=\"\" class=\"wp-image-1449\" srcset=\"https:\/\/www.leopolddutrey.com\/wp-content\/uploads\/2024\/08\/Fabien-Aufrechter-1024x683.jpg 1024w, https:\/\/www.leopolddutrey.com\/wp-content\/uploads\/2024\/08\/Fabien-Aufrechter-300x200.jpg 300w, https:\/\/www.leopolddutrey.com\/wp-content\/uploads\/2024\/08\/Fabien-Aufrechter-768x512.jpg 768w, https:\/\/www.leopolddutrey.com\/wp-content\/uploads\/2024\/08\/Fabien-Aufrechter-1536x1024.jpg 1536w, https:\/\/www.leopolddutrey.com\/wp-content\/uploads\/2024\/08\/Fabien-Aufrechter-2048x1365.jpg 2048w, https:\/\/www.leopolddutrey.com\/wp-content\/uploads\/2024\/08\/Fabien-Aufrechter-18x12.jpg 18w\" sizes=\"auto, (max-width: 1024px) 100vw, 1024px\" \/><\/a><figcaption class=\"wp-element-caption\"><em>Fabien Aufrechter \u00e0 Verneuil-Sur-Seine<\/em><\/figcaption><\/figure>\n\n\n\n<p>Je suis reconnaissant d\u2019avoir mis tant d\u2019efforts pour essayer de comprendre la vie que je veux. Je sais que j\u2019aurais eu l\u2019impression de ne pas avoir progress\u00e9 si j\u2019avais choisi de rester dans un emploi \u00e0 temps plein dans une agence de communication. Mais c\u2019est assez ironique de constater que, maintenant que je r\u00e9fl\u00e9chis au chemin que j\u2019ai parcouru, je r\u00e9alise que j\u2019aurais eu la structure que je souhaite aujourd\u2019hui.\u00a0<br><br>Cependant, en mettant tout cela en perspective, je me rends compte que j\u2019ai perdu de vue la raison pour laquelle j\u2019ai choisi ce mode de travail. J\u2019ai choisi de faire tout cela pour avoir la libert\u00e9 et le temps de cr\u00e9er mon propre contenu. Le probl\u00e8me, c\u2019est que tous ces diff\u00e9rents jobs sont exigeants. M\u00eame si je dois admettre que j\u2019ai le temps, je n\u2019ai certainement pas l\u2019espace mental, l\u2019\u00e9nergie ou la volont\u00e9 n\u00e9cessaires pour donner plus de moi-m\u00eame et partager davantage de qui je suis.<\/p>\n\n\n\n<figure class=\"wp-block-image size-large\"><img loading=\"lazy\" decoding=\"async\" width=\"683\" height=\"1024\" src=\"https:\/\/www.leopolddutrey.com\/wp-content\/uploads\/2024\/08\/Book-683x1024.jpg\" alt=\"\" class=\"wp-image-1450\" srcset=\"https:\/\/www.leopolddutrey.com\/wp-content\/uploads\/2024\/08\/Book-683x1024.jpg 683w, https:\/\/www.leopolddutrey.com\/wp-content\/uploads\/2024\/08\/Book-200x300.jpg 200w, https:\/\/www.leopolddutrey.com\/wp-content\/uploads\/2024\/08\/Book-768x1152.jpg 768w, https:\/\/www.leopolddutrey.com\/wp-content\/uploads\/2024\/08\/Book-1024x1536.jpg 1024w, https:\/\/www.leopolddutrey.com\/wp-content\/uploads\/2024\/08\/Book-1365x2048.jpg 1365w, https:\/\/www.leopolddutrey.com\/wp-content\/uploads\/2024\/08\/Book-8x12.jpg 8w, https:\/\/www.leopolddutrey.com\/wp-content\/uploads\/2024\/08\/Book-scaled.jpg 1707w\" sizes=\"auto, (max-width: 683px) 100vw, 683px\" \/><figcaption class=\"wp-element-caption\"><em>Photographe: Monsieur Kay, ao\u00fbt 2024<\/em>, Paris<\/figcaption><\/figure>\n\n\n\n<p>Je veux changer cela parce qu\u2019il est important pour moi de partager comment je traverse tout \u00e7a. Il n\u2019y a pas de r\u00e9ponse parfaite. Je crois que nous essayons tous de comprendre comment nous en sortir dans un monde complexe. Il n\u2019y a pas qu\u2019une seule formule pour la vie. Tu peux probablement trouver la tienne. J\u2019esp\u00e8re que je finirai par trouver moi-m\u00eame le bon \u00e9quilibre.\u00a0<br><br>\u00c0 ce stade, j\u2019ai trouv\u00e9 utile de m\u2019ouvrir l\u00e0-dessus. Rendre cela plus r\u00e9el. Expliquer pourquoi je n\u2019ai peut-\u00eatre pas \u00e9t\u00e9 aussi actif sur les r\u00e9seaux sociaux cet \u00e9t\u00e9. Partager mes difficult\u00e9s, mon processus de r\u00e9flexion. Peut-\u00eatre que tu te reconna\u00eetras l\u00e0-dedans.\u00a0<\/p>\n\n\n\n<figure class=\"wp-block-image size-large\"><img loading=\"lazy\" decoding=\"async\" width=\"683\" height=\"1024\" src=\"https:\/\/www.leopolddutrey.com\/wp-content\/uploads\/2024\/08\/Modeling-683x1024.jpg\" alt=\"\" class=\"wp-image-1451\" srcset=\"https:\/\/www.leopolddutrey.com\/wp-content\/uploads\/2024\/08\/Modeling-683x1024.jpg 683w, https:\/\/www.leopolddutrey.com\/wp-content\/uploads\/2024\/08\/Modeling-200x300.jpg 200w, https:\/\/www.leopolddutrey.com\/wp-content\/uploads\/2024\/08\/Modeling-768x1152.jpg 768w, https:\/\/www.leopolddutrey.com\/wp-content\/uploads\/2024\/08\/Modeling-1024x1536.jpg 1024w, https:\/\/www.leopolddutrey.com\/wp-content\/uploads\/2024\/08\/Modeling-1365x2048.jpg 1365w, https:\/\/www.leopolddutrey.com\/wp-content\/uploads\/2024\/08\/Modeling-8x12.jpg 8w, https:\/\/www.leopolddutrey.com\/wp-content\/uploads\/2024\/08\/Modeling-scaled.jpg 1707w\" sizes=\"auto, (max-width: 683px) 100vw, 683px\" \/><figcaption class=\"wp-element-caption\"><em>Photographe: Laure Bagnaud, avril 2024, Al\u00e9sia \u00e0 Paris<\/em><\/figcaption><\/figure>\n\n<!--themify_builder_content-->\n<div id=\"themify_builder_content-1445\" data-postid=\"1445\" class=\"themify_builder_content themify_builder_content-1445 themify_builder tf_clear\">\n                    <div  data-lazy=\"1\" class=\"module_row themify_builder_row tb_kc6l768 tb_first tf_w\">\n                        <div class=\"row_inner col_align_top tb_col_count_1 tf_box tf_rel\">\n                        <div  data-lazy=\"1\" class=\"module_column tb-column col-full tb_fsve769 first\">\n                            <\/div>\n                        <\/div>\n        <\/div>\n        <\/div>\n<!--\/themify_builder_content-->","protected":false},"excerpt":{"rendered":"<p>It\u2019s 6:30 A.M. I never wake up that early. I mean unless I found a cheap flight in the morning. But the reason why I woke up this early (for me) is because I struggle to find time for myself. At work, well I work more for others than I do for myself. Which is [&hellip;]<\/p>","protected":false},"author":2,"featured_media":0,"comment_status":"open","ping_status":"open","sticky":false,"template":"","format":"standard","meta":{"footnotes":""},"categories":[1],"tags":[],"class_list":["post-1445","post","type-post","status-publish","format-standard","hentry","category-about-me","has-post-title","has-post-date","has-post-category","has-post-tag","has-post-comment","has-post-author",""],"yoast_head":"<!-- This site is optimized with the Yoast SEO plugin v23.2 - https:\/\/yoast.com\/wordpress\/plugins\/seo\/ -->\n<title>Last 8 months of work - L\u00c9OPOLD DUTREY<\/title>\n<meta name=\"robots\" content=\"index, follow, max-snippet:-1, max-image-preview:large, max-video-preview:-1\" \/>\n<link rel=\"canonical\" href=\"https:\/\/www.leopolddutrey.com\/fr\/2024\/08\/27\/8-last-months-of-work\/\" \/>\n<meta property=\"og:locale\" content=\"fr_FR\" \/>\n<meta property=\"og:type\" content=\"article\" \/>\n<meta property=\"og:title\" content=\"Last 8 months of work - L\u00c9OPOLD DUTREY\" \/>\n<meta property=\"og:description\" content=\"It\u2019s 6:30 A.M. I never wake up that early. I mean unless I found a cheap flight in the morning. But the reason why I woke up this early (for me) is because I struggle to find time for myself. At work, well I work more for others than I do for myself. Which is [&hellip;]\" \/>\n<meta property=\"og:url\" content=\"https:\/\/www.leopolddutrey.com\/fr\/2024\/08\/27\/8-last-months-of-work\/\" \/>\n<meta property=\"og:site_name\" content=\"L\u00c9OPOLD DUTREY\" \/>\n<meta property=\"article:published_time\" content=\"2024-08-27T06:06:20+00:00\" \/>\n<meta property=\"article:modified_time\" content=\"2024-08-29T10:02:16+00:00\" \/>\n<meta property=\"og:image\" content=\"https:\/\/www.leopolddutrey.com\/wp-content\/uploads\/2024\/08\/C7BA3F3D-F952-4C12-AD53-052DF4710147-576x1024.jpg\" \/>\n<meta name=\"author\" content=\"L\u00e9opold Dutrey\" \/>\n<meta name=\"twitter:card\" content=\"summary_large_image\" \/>\n<meta name=\"twitter:label1\" content=\"\u00c9crit par\" \/>\n\t<meta name=\"twitter:data1\" content=\"L\u00e9opold Dutrey\" \/>\n\t<meta name=\"twitter:label2\" content=\"Dur\u00e9e de lecture estim\u00e9e\" \/>\n\t<meta name=\"twitter:data2\" content=\"7 minutes\" \/>\n<script type=\"application\/ld+json\" class=\"yoast-schema-graph\">{\"@context\":\"https:\/\/schema.org\",\"@graph\":[{\"@type\":\"WebPage\",\"@id\":\"https:\/\/www.leopolddutrey.com\/2024\/08\/27\/8-last-months-of-work\/\",\"url\":\"https:\/\/www.leopolddutrey.com\/2024\/08\/27\/8-last-months-of-work\/\",\"name\":\"Last 8 months of work - L\u00c9OPOLD DUTREY\",\"isPartOf\":{\"@id\":\"https:\/\/www.leopolddutrey.com\/#website\"},\"primaryImageOfPage\":{\"@id\":\"https:\/\/www.leopolddutrey.com\/2024\/08\/27\/8-last-months-of-work\/#primaryimage\"},\"image\":{\"@id\":\"https:\/\/www.leopolddutrey.com\/2024\/08\/27\/8-last-months-of-work\/#primaryimage\"},\"thumbnailUrl\":\"https:\/\/www.leopolddutrey.com\/wp-content\/uploads\/2024\/08\/C7BA3F3D-F952-4C12-AD53-052DF4710147-576x1024.jpg\",\"datePublished\":\"2024-08-27T06:06:20+00:00\",\"dateModified\":\"2024-08-29T10:02:16+00:00\",\"author\":{\"@id\":\"https:\/\/www.leopolddutrey.com\/#\/schema\/person\/541e87c76e48e02c942800c05b7a959f\"},\"breadcrumb\":{\"@id\":\"https:\/\/www.leopolddutrey.com\/2024\/08\/27\/8-last-months-of-work\/#breadcrumb\"},\"inLanguage\":\"fr-FR\",\"potentialAction\":[{\"@type\":\"ReadAction\",\"target\":[\"https:\/\/www.leopolddutrey.com\/2024\/08\/27\/8-last-months-of-work\/\"]}]},{\"@type\":\"ImageObject\",\"inLanguage\":\"fr-FR\",\"@id\":\"https:\/\/www.leopolddutrey.com\/2024\/08\/27\/8-last-months-of-work\/#primaryimage\",\"url\":\"https:\/\/www.leopolddutrey.com\/wp-content\/uploads\/2024\/08\/C7BA3F3D-F952-4C12-AD53-052DF4710147-576x1024.jpg\",\"contentUrl\":\"https:\/\/www.leopolddutrey.com\/wp-content\/uploads\/2024\/08\/C7BA3F3D-F952-4C12-AD53-052DF4710147-576x1024.jpg\"},{\"@type\":\"BreadcrumbList\",\"@id\":\"https:\/\/www.leopolddutrey.com\/2024\/08\/27\/8-last-months-of-work\/#breadcrumb\",\"itemListElement\":[{\"@type\":\"ListItem\",\"position\":1,\"name\":\"Accueil\",\"item\":\"https:\/\/www.leopolddutrey.com\/\"},{\"@type\":\"ListItem\",\"position\":2,\"name\":\"Last 8 months of work\"}]},{\"@type\":\"WebSite\",\"@id\":\"https:\/\/www.leopolddutrey.com\/#website\",\"url\":\"https:\/\/www.leopolddutrey.com\/\",\"name\":\"L\u00c9OPOLD DUTREY\",\"description\":\"Le site web officiel de L\u00e9opold DUTREY\",\"potentialAction\":[{\"@type\":\"SearchAction\",\"target\":{\"@type\":\"EntryPoint\",\"urlTemplate\":\"https:\/\/www.leopolddutrey.com\/?s={search_term_string}\"},\"query-input\":\"required name=search_term_string\"}],\"inLanguage\":\"fr-FR\"},{\"@type\":\"Person\",\"@id\":\"https:\/\/www.leopolddutrey.com\/#\/schema\/person\/541e87c76e48e02c942800c05b7a959f\",\"name\":\"L\u00e9opold Dutrey\",\"image\":{\"@type\":\"ImageObject\",\"inLanguage\":\"fr-FR\",\"@id\":\"https:\/\/www.leopolddutrey.com\/#\/schema\/person\/image\/\",\"url\":\"https:\/\/secure.gravatar.com\/avatar\/52b8e74742b4860b862f2f062689f5d2f1421b0149b0a0b7b978d8c65824aec8?s=96&d=mm&r=g\",\"contentUrl\":\"https:\/\/secure.gravatar.com\/avatar\/52b8e74742b4860b862f2f062689f5d2f1421b0149b0a0b7b978d8c65824aec8?s=96&d=mm&r=g\",\"caption\":\"L\u00e9opold Dutrey\"},\"sameAs\":[\"http:\/\/leopolddutrey.com\"],\"url\":\"https:\/\/www.leopolddutrey.com\/fr\/author\/leopold\/\"}]}<\/script>\n<!-- \/ Yoast SEO plugin. -->","yoast_head_json":{"title":"Last 8 months of work - L\u00c9OPOLD DUTREY","robots":{"index":"index","follow":"follow","max-snippet":"max-snippet:-1","max-image-preview":"max-image-preview:large","max-video-preview":"max-video-preview:-1"},"canonical":"https:\/\/www.leopolddutrey.com\/fr\/2024\/08\/27\/8-last-months-of-work\/","og_locale":"fr_FR","og_type":"article","og_title":"Last 8 months of work - L\u00c9OPOLD DUTREY","og_description":"It\u2019s 6:30 A.M. I never wake up that early. I mean unless I found a cheap flight in the morning. But the reason why I woke up this early (for me) is because I struggle to find time for myself. At work, well I work more for others than I do for myself. Which is [&hellip;]","og_url":"https:\/\/www.leopolddutrey.com\/fr\/2024\/08\/27\/8-last-months-of-work\/","og_site_name":"L\u00c9OPOLD DUTREY","article_published_time":"2024-08-27T06:06:20+00:00","article_modified_time":"2024-08-29T10:02:16+00:00","og_image":[{"url":"https:\/\/www.leopolddutrey.com\/wp-content\/uploads\/2024\/08\/C7BA3F3D-F952-4C12-AD53-052DF4710147-576x1024.jpg"}],"author":"L\u00e9opold Dutrey","twitter_card":"summary_large_image","twitter_misc":{"\u00c9crit par":"L\u00e9opold Dutrey","Dur\u00e9e de lecture estim\u00e9e":"7 minutes"},"schema":{"@context":"https:\/\/schema.org","@graph":[{"@type":"WebPage","@id":"https:\/\/www.leopolddutrey.com\/2024\/08\/27\/8-last-months-of-work\/","url":"https:\/\/www.leopolddutrey.com\/2024\/08\/27\/8-last-months-of-work\/","name":"Last 8 months of work - L\u00c9OPOLD DUTREY","isPartOf":{"@id":"https:\/\/www.leopolddutrey.com\/#website"},"primaryImageOfPage":{"@id":"https:\/\/www.leopolddutrey.com\/2024\/08\/27\/8-last-months-of-work\/#primaryimage"},"image":{"@id":"https:\/\/www.leopolddutrey.com\/2024\/08\/27\/8-last-months-of-work\/#primaryimage"},"thumbnailUrl":"https:\/\/www.leopolddutrey.com\/wp-content\/uploads\/2024\/08\/C7BA3F3D-F952-4C12-AD53-052DF4710147-576x1024.jpg","datePublished":"2024-08-27T06:06:20+00:00","dateModified":"2024-08-29T10:02:16+00:00","author":{"@id":"https:\/\/www.leopolddutrey.com\/#\/schema\/person\/541e87c76e48e02c942800c05b7a959f"},"breadcrumb":{"@id":"https:\/\/www.leopolddutrey.com\/2024\/08\/27\/8-last-months-of-work\/#breadcrumb"},"inLanguage":"fr-FR","potentialAction":[{"@type":"ReadAction","target":["https:\/\/www.leopolddutrey.com\/2024\/08\/27\/8-last-months-of-work\/"]}]},{"@type":"ImageObject","inLanguage":"fr-FR","@id":"https:\/\/www.leopolddutrey.com\/2024\/08\/27\/8-last-months-of-work\/#primaryimage","url":"https:\/\/www.leopolddutrey.com\/wp-content\/uploads\/2024\/08\/C7BA3F3D-F952-4C12-AD53-052DF4710147-576x1024.jpg","contentUrl":"https:\/\/www.leopolddutrey.com\/wp-content\/uploads\/2024\/08\/C7BA3F3D-F952-4C12-AD53-052DF4710147-576x1024.jpg"},{"@type":"BreadcrumbList","@id":"https:\/\/www.leopolddutrey.com\/2024\/08\/27\/8-last-months-of-work\/#breadcrumb","itemListElement":[{"@type":"ListItem","position":1,"name":"Accueil","item":"https:\/\/www.leopolddutrey.com\/"},{"@type":"ListItem","position":2,"name":"Last 8 months of work"}]},{"@type":"WebSite","@id":"https:\/\/www.leopolddutrey.com\/#website","url":"https:\/\/www.leopolddutrey.com\/","name":"L\u00c9OPOLD DUTREY","description":"Le site web officiel de L\u00e9opold DUTREY","potentialAction":[{"@type":"SearchAction","target":{"@type":"EntryPoint","urlTemplate":"https:\/\/www.leopolddutrey.com\/?s={search_term_string}"},"query-input":"required name=search_term_string"}],"inLanguage":"fr-FR"},{"@type":"Person","@id":"https:\/\/www.leopolddutrey.com\/#\/schema\/person\/541e87c76e48e02c942800c05b7a959f","name":"L\u00e9opold Dutrey","image":{"@type":"ImageObject","inLanguage":"fr-FR","@id":"https:\/\/www.leopolddutrey.com\/#\/schema\/person\/image\/","url":"https:\/\/secure.gravatar.com\/avatar\/52b8e74742b4860b862f2f062689f5d2f1421b0149b0a0b7b978d8c65824aec8?s=96&d=mm&r=g","contentUrl":"https:\/\/secure.gravatar.com\/avatar\/52b8e74742b4860b862f2f062689f5d2f1421b0149b0a0b7b978d8c65824aec8?s=96&d=mm&r=g","caption":"L\u00e9opold Dutrey"},"sameAs":["http:\/\/leopolddutrey.com"],"url":"https:\/\/www.leopolddutrey.com\/fr\/author\/leopold\/"}]}},"builder_content":"","_links":{"self":[{"href":"https:\/\/www.leopolddutrey.com\/fr\/wp-json\/wp\/v2\/posts\/1445","targetHints":{"allow":["GET"]}}],"collection":[{"href":"https:\/\/www.leopolddutrey.com\/fr\/wp-json\/wp\/v2\/posts"}],"about":[{"href":"https:\/\/www.leopolddutrey.com\/fr\/wp-json\/wp\/v2\/types\/post"}],"author":[{"embeddable":true,"href":"https:\/\/www.leopolddutrey.com\/fr\/wp-json\/wp\/v2\/users\/2"}],"replies":[{"embeddable":true,"href":"https:\/\/www.leopolddutrey.com\/fr\/wp-json\/wp\/v2\/comments?post=1445"}],"version-history":[{"count":4,"href":"https:\/\/www.leopolddutrey.com\/fr\/wp-json\/wp\/v2\/posts\/1445\/revisions"}],"predecessor-version":[{"id":1456,"href":"https:\/\/www.leopolddutrey.com\/fr\/wp-json\/wp\/v2\/posts\/1445\/revisions\/1456"}],"wp:attachment":[{"href":"https:\/\/www.leopolddutrey.com\/fr\/wp-json\/wp\/v2\/media?parent=1445"}],"wp:term":[{"taxonomy":"category","embeddable":true,"href":"https:\/\/www.leopolddutrey.com\/fr\/wp-json\/wp\/v2\/categories?post=1445"},{"taxonomy":"post_tag","embeddable":true,"href":"https:\/\/www.leopolddutrey.com\/fr\/wp-json\/wp\/v2\/tags?post=1445"}],"curies":[{"name":"wp","href":"https:\/\/api.w.org\/{rel}","templated":true}]}}